{"id":3263,"date":"2024-04-14T23:34:03","date_gmt":"2024-04-14T23:34:03","guid":{"rendered":"https:\/\/www.res-food.eu\/?p=3263"},"modified":"2024-07-01T23:37:16","modified_gmt":"2024-07-01T23:37:16","slug":"egesz-europara-kiterjedo-elelmiszer-mentes-ertekelese","status":"publish","type":"post","link":"https:\/\/www.res-food.eu\/index.php\/hu\/2024\/04\/14\/egesz-europara-kiterjedo-elelmiszer-mentes-ertekelese\/","title":{"rendered":"Eg\u00e9sz Eur\u00f3p\u00e1ra kiterjed\u0151 \u00e9lelmiszer-ment\u00e9s \u00e9rt\u00e9kel\u00e9se"},"content":{"rendered":"<p><span data-sheets-root=\"1\">Ha \u00d6n egyr\u00e9szt egy \u00e9ttermet, sz\u00e1llod\u00e1t, k\u00e1v\u00e9z\u00f3t, vend\u00e9gl\u00e1t\u00f3ipari kkv-t, m\u00e1sr\u00e9szt egy j\u00f3t\u00e9konys\u00e1gi szervezetet, civil szervezetet vagy \u00f6nkorm\u00e1nyzatot k\u00e9pvisel, \u00e9s t\u00f6r\u0151dik a k\u00f6rnyezettel, a r\u00e1szorul\u00f3kkal, \u00e9s szeretne versenyk\u00e9pesebb\u00e9 v\u00e1lni, akkor a legjobb helyen j\u00e1r. K\u00e9rd\u0151\u00edvet ind\u00edtunk a felesleges \u00e9lelmiszer-mennyis\u00e9gek jelenlegi helyzet\u00e9nek \u00e9s a r\u00e1szorul\u00f3knak t\u00f6rt\u00e9n\u0151 eloszt\u00e1si lehet\u0151s\u00e9geinek jobb meg\u00e9rt\u00e9se \u00e9rdek\u00e9ben.<\/span><\/p>\n<p><span data-sheets-root=\"1\">Az \u00c9lelmiszerment\u00e9si felm\u00e9r\u00e9s egy Eur\u00f3pa-szerte el\u00e9rhet\u0151 online k\u00e9rd\u0151\u00edv az \u00e9lelmiszeroszt\u00e1sr\u00f3l, amelyet az \u00e9lelmiszerment\u00e9si kezdem\u00e9nyez\u00e9sekben r\u00e9szt venni k\u00edv\u00e1n\u00f3 j\u00f3t\u00e9konys\u00e1gi szervezetek \u00e9s v\u00e1llalatok v\u00e9geznek. A projekt \u00e1ltal\u00e1nos c\u00e9ljai k\u00f6z\u00e9 tartozik, hogy k\u00e9pz\u00e9st \u00e9s tudatoss\u00e1got biztos\u00edtson az \u00e9lelmiszertermel\u00e9sben r\u00e9szt vev\u0151 valamennyi szerepl\u0151 sz\u00e1m\u00e1ra az \u00e9lelmiszertermel\u00e9s \u00e9s az \u00e9lelmiszerfogyaszt\u00e1s k\u00f6z\u00f6tt, hogy elsaj\u00e1t\u00edts\u00e1k az \u00e9lelmiszer-vesztes\u00e9g \u00e9rt\u00e9kel\u00e9s\u00e9hez \u00e9s az \u00e9lelmiszer-vesztes\u00e9g megel\u0151z\u00e9s\u00e9re ir\u00e1nyul\u00f3 int\u00e9zked\u00e9sek megtervez\u00e9s\u00e9hez sz\u00fcks\u00e9ges k\u00e9szs\u00e9geket, valamint hogy hidat k\u00e9pezzen az ell\u00e1t\u00e1si l\u00e1nc minden olyan \u00e1gazat\u00e1b\u00f3l sz\u00e1rmaz\u00f3 v\u00e1llalatok \u00e9s a humanit\u00e1rius szervezetek k\u00f6z\u00f6tt, amelyek potenci\u00e1lisan \u00e9lelmiszer-vesztes\u00e9get okoznak.<\/span><\/p>\n<p><span data-sheets-root=\"1\">A v\u00e1laszok elemz\u00e9se \u00e9s az \u00d6n\u00f6kt\u0151l kapott \u00e1ltal\u00e1nos visszajelz\u00e9sek alapj\u00e1n nemzeti jelent\u00e9sek k\u00e9sz\u00fclnek majd, amelyek egy k\u00f6z\u00f6s uni\u00f3s jelent\u00e9s alapj\u00e1ul szolg\u00e1lnak.<\/span><\/p>\n<p><span data-sheets-root=\"1\">A k\u00e9rd\u0151\u00edv kit\u00f6lt\u00e9se k\u00f6r\u00fclbel\u00fcl 10 percet vesz ig\u00e9nybe, \u00e9s itt \u00e9rhet\u0151 el: <a href=\"https:\/\/docs.google.com\/forms\/d\/e\/1FAIpQLSdKz7KFTuVOc4f_3SW_Z4T93ZCNsFKn9Oz160TTc32oZqPGaQ\/viewform?fbclid=IwAR1goy0UBfHciDjxFhV3OueKJqjUue6nCp624yEmYR1HOi1VqpYyy8HTbZ4\" target=\"_blank\" rel=\"noopener\">https:\/\/docs.google.com\/forms\/d\/e\/1FAIpQLSdKz7KFTuVOc4f_3SW_Z4T93ZCNsFKn9Oz160TTc32oZqPGaQ\/viewform?fbclid=IwAR1goy0UBfHciDjxFhV3OueKJqjUue6nCp624yEmYR1HOi1VqpYyy8HTbZ4<\/a><\/span><\/p>\n<p>&nbsp;<\/p>\n<p><span data-sheets-root=\"1\">K\u00f6sz\u00f6nj\u00fck a felm\u00e9r\u00e9sben val\u00f3 r\u00e9szv\u00e9tel\u00e9t \u00e9s hasznos hozz\u00e1j\u00e1rul\u00e1s\u00e1t.<\/p>\n<p>ReS-Food projekt csapata<\/span><\/p>\n<figure id=\"attachment_3102\" aria-describedby=\"caption-attachment-3102\" style=\"width: 300px\" class=\"wp-caption aligncenter\"><img fetchpriority=\"high\" decoding=\"async\" class=\"wp-image-3102 size-full\" src=\"http:\/\/www.res-food.eu\/wp-content\/uploads\/2024\/07\/Hotels-Cafes-Restaurants-Supermarkets-Charities-300x251-1.jpg\" alt=\"\" width=\"300\" height=\"251\" \/><figcaption id=\"caption-attachment-3102\" class=\"wp-caption-text\">xr:d:DAFfUG36sxs:12,j:44712596985,t:23040609<\/figcaption><\/figure>\n","protected":false},"excerpt":{"rendered":"<p>Ha \u00d6n egyr\u00e9szt egy \u00e9ttermet, sz\u00e1llod\u00e1t, k\u00e1v\u00e9z\u00f3t, vend\u00e9gl\u00e1t\u00f3ipari kkv-t, m\u00e1sr\u00e9szt egy j\u00f3t\u00e9konys\u00e1gi szervezetet, civil szervezetet vagy \u00f6nkorm\u00e1nyzatot k\u00e9pvisel, \u00e9s t\u00f6r\u0151dik a k\u00f6rnyezettel, a r\u00e1szorul\u00f3kkal, \u00e9s szeretne versenyk\u00e9pesebb\u00e9 v\u00e1lni, akkor a legjobb helyen j\u00e1r. K\u00e9rd\u0151\u00edvet ind\u00edtunk a felesleges \u00e9lelmiszer-mennyis\u00e9gek jelenlegi helyzet\u00e9nek \u00e9s a r\u00e1szorul\u00f3knak t\u00f6rt\u00e9n\u0151 eloszt\u00e1si lehet\u0151s\u00e9geinek jobb meg\u00e9rt\u00e9se \u00e9rdek\u00e9ben. Az \u00c9lelmiszerment\u00e9si felm\u00e9r\u00e9s egy Eur\u00f3pa-szerte el\u00e9rhet\u0151 online k\u00e9rd\u0151\u00edv az \u00e9lelmiszeroszt\u00e1sr\u00f3l, amelyet az \u00e9lelmiszerment\u00e9si kezdem\u00e9nyez\u00e9sekben r\u00e9szt venni k\u00edv\u00e1n\u00f3 j\u00f3t\u00e9konys\u00e1gi szervezetek \u00e9s v\u00e1llalatok v\u00e9geznek. A projekt \u00e1ltal\u00e1nos c\u00e9ljai k\u00f6z\u00e9 tartozik, hogy k\u00e9pz\u00e9st \u00e9s tudatoss\u00e1got biztos\u00edtson az \u00e9lelmiszertermel\u00e9sben r\u00e9szt vev\u0151 valamennyi szerepl\u0151 sz\u00e1m\u00e1ra az \u00e9lelmiszertermel\u00e9s \u00e9s az \u00e9lelmiszerfogyaszt\u00e1s k\u00f6z\u00f6tt, hogy elsaj\u00e1t\u00edts\u00e1k az \u00e9lelmiszer-vesztes\u00e9g \u00e9rt\u00e9kel\u00e9s\u00e9hez \u00e9s az \u00e9lelmiszer-vesztes\u00e9g megel\u0151z\u00e9s\u00e9re ir\u00e1nyul\u00f3 int\u00e9zked\u00e9sek megtervez\u00e9s\u00e9hez sz\u00fcks\u00e9ges k\u00e9szs\u00e9geket, valamint hogy hidat k\u00e9pezzen az ell\u00e1t\u00e1si l\u00e1nc minden olyan \u00e1gazat\u00e1b\u00f3l sz\u00e1rmaz\u00f3 v\u00e1llalatok \u00e9s a humanit\u00e1rius szervezetek k\u00f6z\u00f6tt, amelyek potenci\u00e1lisan \u00e9lelmiszer-vesztes\u00e9get okoznak. A v\u00e1laszok elemz\u00e9se \u00e9s az \u00d6n\u00f6kt\u0151l kapott \u00e1ltal\u00e1nos visszajelz\u00e9sek alapj\u00e1n nemzeti jelent\u00e9sek k\u00e9sz\u00fclnek majd, amelyek egy k\u00f6z\u00f6s uni\u00f3s jelent\u00e9s alapj\u00e1ul szolg\u00e1lnak. A k\u00e9rd\u0151\u00edv kit\u00f6lt\u00e9se k\u00f6r\u00fclbel\u00fcl 10 percet vesz ig\u00e9nybe, \u00e9s itt \u00e9rhet\u0151 el: https:\/\/docs.google.com\/forms\/d\/e\/1FAIpQLSdKz7KFTuVOc4f_3SW_Z4T93ZCNsFKn9Oz160TTc32oZqPGaQ\/viewform?fbclid=IwAR1goy0UBfHciDjxFhV3OueKJqjUue6nCp624yEmYR1HOi1VqpYyy8HTbZ4 &nbsp; K\u00f6sz\u00f6nj\u00fck a felm\u00e9r\u00e9sben val\u00f3 r\u00e9szv\u00e9tel\u00e9t \u00e9s hasznos hozz\u00e1j\u00e1rul\u00e1s\u00e1t. ReS-Food projekt csapata<\/p>\n","protected":false},"author":3,"featured_media":584,"comment_status":"closed","ping_status":"open","sticky":false,"template":"","format":"standard","meta":{"_exactmetrics_skip_tracking":false,"_exactmetrics_sitenote_active":false,"_exactmetrics_sitenote_note":"","_exactmetrics_sitenote_category":0,"site-sidebar-layout":"default","site-content-layout":"plain-container","ast-site-content-layout":"normal-width-container","site-content-style":"unboxed","site-sidebar-style":"unboxed","ast-global-header-display":"","ast-banner-title-visibility":"","ast-main-header-display":"disabled","ast-hfb-above-header-display":"","ast-hfb-below-header-display":"","ast-hfb-mobile-header-display":"","site-post-title":"","ast-breadcrumbs-content":"disabled","ast-featured-img":"disabled","footer-sml-layout":"","theme-transparent-header-meta":"default","adv-header-id-meta":"","stick-header-meta":"","header-above-stick-meta":"","header-main-stick-meta":"","header-below-stick-meta":"","astra-migrate-meta-layouts":"set","ast-page-background-enabled":"default","ast-page-background-meta":{"desktop":{"background-color":"var(--ast-global-color-4)","background-image":"","background-repeat":"repeat","background-position":"center center","background-size":"auto","background-attachment":"scroll","background-type":"","background-media":"","overlay-type":"","overlay-color":"","overlay-opacity":"","overlay-gradient":""},"tablet":{"background-color":"","background-image":"","background-repeat":"repeat","background-position":"center center","background-size":"auto","background-attachment":"scroll","background-type":"","background-media":"","overlay-type":"","overlay-color":"","overlay-opacity":"","overlay-gradient":""},"mobile":{"background-color":"","background-image":"","background-repeat":"repeat","background-position":"center center","background-size":"auto","background-attachment":"scroll","background-type":"","background-media":"","overlay-type":"","overlay-color":"","overlay-opacity":"","overlay-gradient":""}},"ast-content-background-meta":{"desktop":{"background-color":"var(--ast-global-color-5)","background-image":"","background-repeat":"repeat","background-position":"center center","background-size":"auto","background-attachment":"scroll","background-type":"","background-media":"","overlay-type":"","overlay-color":"","overlay-opacity":"","overlay-gradient":""},"tablet":{"background-color":"var(--ast-global-color-5)","background-image":"","background-repeat":"repeat","background-position":"center center","background-size":"auto","background-attachment":"scroll","background-type":"","background-media":"","overlay-type":"","overlay-color":"","overlay-opacity":"","overlay-gradient":""},"mobile":{"background-color":"var(--ast-global-color-5)","background-image":"","background-repeat":"repeat","background-position":"center center","background-size":"auto","background-attachment":"scroll","background-type":"","background-media":"","overlay-type":"","overlay-color":"","overlay-opacity":"","overlay-gradient":""}},"footnotes":""},"categories":[1],"tags":[],"class_list":["post-3263","post","type-post","status-publish","format-standard","has-post-thumbnail","hentry","category-uncategorized"],"_links":{"self":[{"href":"https:\/\/www.res-food.eu\/index.php\/wp-json\/wp\/v2\/posts\/3263","targetHints":{"allow":["GET"]}}],"collection":[{"href":"https:\/\/www.res-food.eu\/index.php\/wp-json\/wp\/v2\/posts"}],"about":[{"href":"https:\/\/www.res-food.eu\/index.php\/wp-json\/wp\/v2\/types\/post"}],"author":[{"embeddable":true,"href":"https:\/\/www.res-food.eu\/index.php\/wp-json\/wp\/v2\/users\/3"}],"replies":[{"embeddable":true,"href":"https:\/\/www.res-food.eu\/index.php\/wp-json\/wp\/v2\/comments?post=3263"}],"version-history":[{"count":1,"href":"https:\/\/www.res-food.eu\/index.php\/wp-json\/wp\/v2\/posts\/3263\/revisions"}],"predecessor-version":[{"id":3264,"href":"https:\/\/www.res-food.eu\/index.php\/wp-json\/wp\/v2\/posts\/3263\/revisions\/3264"}],"wp:featuredmedia":[{"embeddable":true,"href":"https:\/\/www.res-food.eu\/index.php\/wp-json\/wp\/v2\/media\/584"}],"wp:attachment":[{"href":"https:\/\/www.res-food.eu\/index.php\/wp-json\/wp\/v2\/media?parent=3263"}],"wp:term":[{"taxonomy":"category","embeddable":true,"href":"https:\/\/www.res-food.eu\/index.php\/wp-json\/wp\/v2\/categories?post=3263"},{"taxonomy":"post_tag","embeddable":true,"href":"https:\/\/www.res-food.eu\/index.php\/wp-json\/wp\/v2\/tags?post=3263"}],"curies":[{"name":"wp","href":"https:\/\/api.w.org\/{rel}","templated":true}]}}